{"id":3564,"date":"2024-07-03T22:10:47","date_gmt":"2024-07-03T22:10:47","guid":{"rendered":"https:\/\/www.travelexcellence.com.br\/site\/?p=3564"},"modified":"2024-07-03T22:10:48","modified_gmt":"2024-07-03T22:10:48","slug":"sustentabilidade-e-desenvolvimento-do-turismo-sao-destaque-da-terceira-reuniao-tecnica-do-g20-presidida-pelo-mtur","status":"publish","type":"post","link":"https:\/\/www.travelexcellence.com.br\/site\/2024\/07\/03\/sustentabilidade-e-desenvolvimento-do-turismo-sao-destaque-da-terceira-reuniao-tecnica-do-g20-presidida-pelo-mtur\/","title":{"rendered":"Sustentabilidade e desenvolvimento do turismo s\u00e3o destaque da terceira reuni\u00e3o t\u00e9cnica do G20, presidida pelo MTur"},"content":{"rendered":"\n<p>Qualifica\u00e7\u00e3o profissional, sustentabilidade e formas de financiamento para o desenvolvimento do setor. Estes foram alguns dos temas debatidos na 3\u00aa Reuni\u00e3o do Grupo de Trabalho (GT) de Turismo do G20, realizada nesta segunda-feira (01.07), no Rio de Janeiro (RJ). O encontro, presidido pelo Minist\u00e9rio do Turismo (MTur), reuniu cerca de 20 delega\u00e7\u00f5es dos pa\u00edses que integram o grupo das maiores economias mundiais e ter\u00e1 como entrega final um relat\u00f3rio com as medidas adotadas por todos os integrantes do grupo, abordando os gargalos na qualifica\u00e7\u00e3o profissional e na promo\u00e7\u00e3o de um crescimento mais forte, sustent\u00e1vel e equilibrado no Turismo.<\/p>\n\n\n\n<p>A secret\u00e1ria executiva da Pasta, Ana Carla Lopes, representando o ministro do Turismo, Celso Sabino, foi respons\u00e1vel por dar as boas-vindas na abertura do encontro e ressaltou, em seu discurso, o potencial do turismo no desenvolvimento econ\u00f4mico, sustent\u00e1vel e social.<\/p>\n\n\n\n<p>&#8220;Encontros como estes s\u00e3o essenciais para fortalecer os la\u00e7os entre nossas na\u00e7\u00f5es, promover um entendimento mais profundo das nossas culturas e economias, al\u00e9m de possibilitar o compartilhamento de experi\u00eancias que ir\u00e3o impactar em debates importantes, como a amplia\u00e7\u00e3o da participa\u00e7\u00e3o feminina no setor tur\u00edstico, o desenvolvimento de um turismo acess\u00edvel para pessoas com defici\u00eancia, mais sustent\u00e1vel, ou melhor, mais respons\u00e1vel. Aquele que \u00e9 bom para o turista, para o meio ambiente e, principalmente, bom para os moradores&#8221;, disse.<\/p>\n\n\n\n<p>Durante o encontro, a qualifica\u00e7\u00e3o profissional foi destacada como essencial para a melhoria dos servi\u00e7os tur\u00edsticos, aumento da competitividade e gera\u00e7\u00e3o de empregos e renda. O grupo refor\u00e7ou a necessidade de investimentos para promover a educa\u00e7\u00e3o tur\u00edstica e o desenvolvimento de compet\u00eancias. O debate sobre sustentabilidade trouxe \u00e0 tona a necessidade de pr\u00e1ticas que minimizem o impacto ambiental do turismo, promovendo um equil\u00edbrio entre o crescimento econ\u00f4mico e a preserva\u00e7\u00e3o do meio ambiente.<\/p>\n\n\n\n<p>&#8220;A troca de experi\u00eancias e conhecimentos entre os nossos pa\u00edses e organiza\u00e7\u00f5es \u00e9 fundamental para avan\u00e7armos, juntos, na constru\u00e7\u00e3o do turismo que o mundo precisa e merece: mais inclusivo e respons\u00e1vel&#8221;, finalizou a secret\u00e1ria executiva, Ana Carla Lopes.<\/p>\n\n\n\n<p>O chefe da Assessoria Especial de Rela\u00e7\u00f5es Internacionais do Minist\u00e9rio do Turismo, Heitor Kadri, falou sobre os resultados obtidos no encontro. \u201cHoje, conclu\u00edmos a 3\u00aa reuni\u00e3o e estamos muito satisfeitos com os resultados. Foi um dia \u00e1rduo, mas com muito cooperativismo. Conseguimos chegar a resultados concretos, fechar documentos que ir\u00e3o compor a decis\u00e3o dos l\u00edderes no final do ano. O Brasil conduziu da melhor forma poss\u00edvel, teve a parceria dos demais pa\u00edses e tenho certeza que as nossas discuss\u00f5es v\u00e3o melhor orientar as pol\u00edticas internacionais do Turismo\u201d, concluiu.<\/p>\n\n\n\n<p>O encontro tamb\u00e9m foi uma oportunidade para avaliar as discuss\u00f5es e avan\u00e7os do Grupo de Trabalho de Turismo do G20 entre os anos de 2010 e 2023, garantindo o apoio e a continuidade das a\u00e7\u00f5es estrat\u00e9gicas da c\u00fapula. A reuni\u00e3o contou com a presen\u00e7a de entidades internacionais, como a ONU Turismo, o Banco de Desenvolvimento da Am\u00e9rica Latina (CAF), o Conselho Mundial de Viagens e Turismo (WTTC) e o Banco Interamericano de Desenvolvimento (BID), que trouxeram contribui\u00e7\u00f5es com suas perspectivas e expertise no setor.<\/p>\n\n\n\n<p><em>Fonte: MTur<\/em><\/p>\n","protected":false},"excerpt":{"rendered":"<p>Encontro reuniu cerca de 20 delega\u00e7\u00f5es para discutir medidas conjuntas para o setor. Pr\u00f3ximo encontro reunir\u00e1 ministros do Turismo do grupo e ser\u00e1 realizado no m\u00eas de setembro, em Bel\u00e9m (PA)<\/p>\n","protected":false},"author":2,"featured_media":3565,"comment_status":"closed","ping_status":"open","sticky":false,"template":"","format":"standard","meta":{"footnotes":""},"categories":[103],"tags":[128,108,106,100,105],"class_list":["post-3564","post","type-post","status-publish","format-standard","has-post-thumbnail","hentry","category-novidades","tag-brasil","tag-dicas-de-viagem","tag-travel","tag-turismo","tag-viagem"],"aioseo_notices":[],"_links":{"self":[{"href":"https:\/\/www.travelexcellence.com.br\/site\/wp-json\/wp\/v2\/posts\/3564","targetHints":{"allow":["GET"]}}],"collection":[{"href":"https:\/\/www.travelexcellence.com.br\/site\/wp-json\/wp\/v2\/posts"}],"about":[{"href":"https:\/\/www.travelexcellence.com.br\/site\/wp-json\/wp\/v2\/types\/post"}],"author":[{"embeddable":true,"href":"https:\/\/www.travelexcellence.com.br\/site\/wp-json\/wp\/v2\/users\/2"}],"replies":[{"embeddable":true,"href":"https:\/\/www.travelexcellence.com.br\/site\/wp-json\/wp\/v2\/comments?post=3564"}],"version-history":[{"count":0,"href":"https:\/\/www.travelexcellence.com.br\/site\/wp-json\/wp\/v2\/posts\/3564\/revisions"}],"wp:featuredmedia":[{"embeddable":true,"href":"https:\/\/www.travelexcellence.com.br\/site\/wp-json\/wp\/v2\/media\/3565"}],"wp:attachment":[{"href":"https:\/\/www.travelexcellence.com.br\/site\/wp-json\/wp\/v2\/media?parent=3564"}],"wp:term":[{"taxonomy":"category","embeddable":true,"href":"https:\/\/www.travelexcellence.com.br\/site\/wp-json\/wp\/v2\/categories?post=3564"},{"taxonomy":"post_tag","embeddable":true,"href":"https:\/\/www.travelexcellence.com.br\/site\/wp-json\/wp\/v2\/tags?post=3564"}],"curies":[{"name":"wp","href":"https:\/\/api.w.org\/{rel}","templated":true}]}}