{"id":3606,"date":"2024-09-04T21:48:43","date_gmt":"2024-09-04T21:48:43","guid":{"rendered":"https:\/\/www.travelexcellence.com.br\/site\/?p=3606"},"modified":"2025-05-05T19:00:09","modified_gmt":"2025-05-05T19:00:09","slug":"nova-rota-aerea-ligando-santa-catarina-com-a-europa-e-comemorada-por-entidades-do-setor-turistico-catarinense","status":"publish","type":"post","link":"https:\/\/www.travelexcellence.com.br\/site\/2024\/09\/04\/nova-rota-aerea-ligando-santa-catarina-com-a-europa-e-comemorada-por-entidades-do-setor-turistico-catarinense\/","title":{"rendered":"Nova rota a\u00e9rea ligando Santa Catarina com a Europa \u00e9 comemorada por entidades do setor tur\u00edstico catarinense"},"content":{"rendered":"\n<p>O t\u00e3o sonhado momento de poder sair de Florian\u00f3polis de avi\u00e3o em voo direto para Portugal agora j\u00e1 \u00e9 uma realidade. A aeronave Airbus A330-200 que transporta 269 passageiros, 244 em classe Econ\u00f4mica e 25 em Executiva foi recebida com o tradicional batismo de avi\u00f5es, nesta ter\u00e7a-feira, 3. O governador Jorginho Mello fez quest\u00e3o de estar no sagu\u00e3o de desembarque para receber os primeiros passageiros que pousaram \u00e0s 17h16, na capital catarinense, no voo primeiro da TAP vindo da Europa.<\/p>\n\n\n\n<p>Entidades ligadas ao turismo em Santa Catarina comemoram a chegada do primeiro voo da TAP vindo de Portugal, marcando um novo cap\u00edtulo na conex\u00e3o entre a Europa e o estado. A opera\u00e7\u00e3o, que partiu de Lisboa e aterrissou no Aeroporto Internacional de Florian\u00f3polis nesta ter\u00e7a-feira, representa um avan\u00e7o significativo para o turismo local, ampliando o acesso dos turistas europeus \u00e0s belezas e atrativos catarinenses.<\/p>\n\n\n\n<p>\u201c\u00c9 uma grande quebra de paradigma em agora sim dizer que estamos ligados com o restante do mundo e principalmente com a Europa. E tudo isso se deu gra\u00e7as ao fato de a gente ter infraestrutura. A gente tem hoje um aeroporto desse n\u00edvel para receber esse tipo de voo internacional, ou seja, Florian\u00f3polis agora sim est\u00e1 consolidada com um grande destino tur\u00edstico para diversos pa\u00edses\u201d, ressaltou a secret\u00e1ria de Turismo, Cultura e Esporte de Florian\u00f3polis, Zena Becker.<\/p>\n\n\n\n<p>A nova rota tamb\u00e9m \u00e9 vista como uma oportunidade de fortalecer os la\u00e7os culturais e econ\u00f4micos entre Santa Catarina e Portugal, al\u00e9m de promover o estado como um destino tur\u00edstico global. As entidades tur\u00edsticas destacam que a chegada deste voo direto deve impulsionar o setor, com expectativa de aumento no fluxo de visitantes, gera\u00e7\u00e3o de empregos e desenvolvimento da economia local.<\/p>\n\n\n\n<p>\u201cPrimeiramente \u00e9 um sonho de algumas dezenas de anos realizado com essa rota com a Europa. H\u00e1 muito tempo que Florian\u00f3polis j\u00e1 buscava essa conex\u00e3o e eu tenho certeza que essa iniciativa vai ajudar a mudar cada vez mais a quest\u00e3o do turismo. Ou melhor, n\u00e3o s\u00f3 do turismo, dos neg\u00f3cios em Florian\u00f3polis. Sem d\u00favidas nenhuma esse momento nos coloca em um outro patamar da hist\u00f3ria\u201d, disse o coordenador do ForTur (F\u00f3rum de Turismo da Grande Florian\u00f3polis), Carlos Berenhauser Leite.<\/p>\n\n\n\n<p>A celebra\u00e7\u00e3o da chegada do voo inaugural contou com a presen\u00e7a de autoridades locais, empres\u00e1rios do setor e representantes da TAP, refor\u00e7ando o compromisso de Santa Catarina em se consolidar como um dos principais destinos tur\u00edsticos do Brasil.<\/p>\n\n\n\n<p>\u201cEsse voo sempre foi um sonho nosso. O aeroporto de Florian\u00f3polis j\u00e1 conta com uma infraestrutura adequada para receber esse tipo de aeronave e agora s\u00f3 temos a comemorar. Eu tenho certeza que esse ser\u00e1 apenas o primeiro de muitos voos para a Europa\u201d, acrescentou o CEO da Zurich Airport Latino Am\u00e9rica, Tobias Markert.<\/p>\n\n\n\n<figure class=\"wp-block-image\"><img decoding=\"async\" src=\"https:\/\/estado.sc.gov.br\/noticias\/wp-content\/uploads\/sites\/3\/2024\/09\/002_JM-Foto_EDUARDO-VALENTE_GOVSC-030920246657.jpg\" alt=\"\" class=\"wp-image-312547\" \/><\/figure>\n\n\n\n<p>Os voos entre Lisboa e Florian\u00f3polis operam \u00e0s ter\u00e7as, quintas e s\u00e1bados, com partida de Lisboa entre \u00e0s 10h10 e \u00e0s 10h50 e chegada a Florian\u00f3polis entre 17h15 e 17h55. No sentido inverso, os voos partem da capital de Santa Catarina entre 19h35 e 20h40 e chegam \u00e0 capital portuguesa entre 9h50 e 10h55 do dia seguinte.<\/p>\n\n\n\n<p>Lu\u00eds Rodrigues, Presidente da TAP, foi um dos passageiros do voo inaugural entre Lisboa e Florian\u00f3polis. Em conversa com os jornalistas que acompanhavam o momento especial, Lu\u00eds disse estar muito feliz com este novo destino.<\/p>\n\n\n\n<p>\u201cEstamos convictos de que este voo vai ser de muito bom aceite pelos clientes brasileiros e europeus. Prova disso \u00e9 a procura que se registou desde o primeiro dia em que abrimos as vendas para esta rota. At\u00e9 o final de agosto, j\u00e1 registr\u00e1vamos mais de 24,5 mil reservas. A inclus\u00e3o de Florian\u00f3polis como destino TAP surge como resposta \u00e0 crescente procura por voos entre Portugal e o Sul do Brasil, refor\u00e7ando o compromisso da Companhia de continuar a investir para ser a companhia a\u00e9rea europeia preferida dos brasileiros,\u201d destacou o presidente da TAP.<\/p>\n\n\n\n<p><em>Fonte: Agencia de Noticias SC<\/em><\/p>\n\n\n\n<p><\/p>\n","protected":false},"excerpt":{"rendered":"<p>O t\u00e3o sonhado momento de poder sair de Florian\u00f3polis de avi\u00e3o em voo direto para Portugal agora j\u00e1 \u00e9 uma realidade. <\/p>\n","protected":false},"author":2,"featured_media":3607,"comment_status":"closed","ping_status":"closed","sticky":false,"template":"","format":"standard","meta":{"footnotes":""},"categories":[24],"tags":[128,108,137,106,100,105],"class_list":["post-3606","post","type-post","status-publish","format-standard","has-post-thumbnail","hentry","category-noticias","tag-brasil","tag-dicas-de-viagem","tag-europa","tag-travel","tag-turismo","tag-viagem"],"aioseo_notices":[],"_links":{"self":[{"href":"https:\/\/www.travelexcellence.com.br\/site\/wp-json\/wp\/v2\/posts\/3606","targetHints":{"allow":["GET"]}}],"collection":[{"href":"https:\/\/www.travelexcellence.com.br\/site\/wp-json\/wp\/v2\/posts"}],"about":[{"href":"https:\/\/www.travelexcellence.com.br\/site\/wp-json\/wp\/v2\/types\/post"}],"author":[{"embeddable":true,"href":"https:\/\/www.travelexcellence.com.br\/site\/wp-json\/wp\/v2\/users\/2"}],"replies":[{"embeddable":true,"href":"https:\/\/www.travelexcellence.com.br\/site\/wp-json\/wp\/v2\/comments?post=3606"}],"version-history":[{"count":0,"href":"https:\/\/www.travelexcellence.com.br\/site\/wp-json\/wp\/v2\/posts\/3606\/revisions"}],"wp:featuredmedia":[{"embeddable":true,"href":"https:\/\/www.travelexcellence.com.br\/site\/wp-json\/wp\/v2\/media\/3607"}],"wp:attachment":[{"href":"https:\/\/www.travelexcellence.com.br\/site\/wp-json\/wp\/v2\/media?parent=3606"}],"wp:term":[{"taxonomy":"category","embeddable":true,"href":"https:\/\/www.travelexcellence.com.br\/site\/wp-json\/wp\/v2\/categories?post=3606"},{"taxonomy":"post_tag","embeddable":true,"href":"https:\/\/www.travelexcellence.com.br\/site\/wp-json\/wp\/v2\/tags?post=3606"}],"curies":[{"name":"wp","href":"https:\/\/api.w.org\/{rel}","templated":true}]}}