{"id":3674,"date":"2024-12-04T13:40:25","date_gmt":"2024-12-04T13:40:25","guid":{"rendered":"https:\/\/www.travelexcellence.com.br\/site\/?p=3674"},"modified":"2025-05-05T18:49:31","modified_gmt":"2025-05-05T18:49:31","slug":"brasil-avanca-no-turismo-acessivel-com-destinos-adaptados","status":"publish","type":"post","link":"https:\/\/www.travelexcellence.com.br\/site\/2024\/12\/04\/brasil-avanca-no-turismo-acessivel-com-destinos-adaptados\/","title":{"rendered":"Brasil avan\u00e7a no turismo acess\u00edvel com destinos adaptados"},"content":{"rendered":"\n<p>Com infraestrutura adaptada e experi\u00eancias inclusivas, o Brasil d\u00e1 passos importantes para tornar o turismo acess\u00edvel a todos os visitantes. De praias com cadeiras anf\u00edbias no Nordeste a museus com audiodescri\u00e7\u00e3o no Centro-Oeste, iniciativas espalhadas pelo pa\u00eds mostram que inclus\u00e3o e acessibilidade est\u00e3o no centro do desenvolvimento tur\u00edstico nacional.<\/p>\n\n\n\n<p>O Mapeamento de Atrativos, Empreendimentos, Produtos e Servi\u00e7os de Turismo Acess\u00edvel do Minist\u00e9rio do Turismo, que traz informa\u00e7\u00f5es como &#8220;O que \u00e9 o Turismo Acess\u00edvel&#8221;, &#8220;Crit\u00e9rios de Caracteriza\u00e7\u00e3o da Acessibilidade&#8221;, al\u00e9m de orienta\u00e7\u00f5es gerais e espec\u00edficas, ressalta o quanto \u00e9 essencial garantir que a acessibilidade esteja presente em todas as etapas da experi\u00eancia tur\u00edstica: desde a busca por informa\u00e7\u00f5es e reservas at\u00e9 a experi\u00eancia no destino. Adapta\u00e7\u00f5es como rampas, banheiros acess\u00edveis, sinaliza\u00e7\u00e3o em braile, audioguias e atendimento treinado s\u00e3o fundamentais para atender ao conceito de turismo para todos.<\/p>\n\n\n\n<p>Com o Programa Turismo Acess\u00edvel, o Minist\u00e9rio do Turismo tem trabalhando para refor\u00e7ar a import\u00e2ncia da acessibilidade como um direito e uma oportunidade de desenvolvimento econ\u00f4mico e inclus\u00e3o social, como destaca a Coordenadora de Turismo Respons\u00e1vel do Minist\u00e9rio do Turismo, La\u00eds Campelo.<\/p>\n\n\n\n<p>&#8220;Investir em turismo acess\u00edvel n\u00e3o \u00e9 apenas uma quest\u00e3o de inclus\u00e3o, mas tamb\u00e9m de transformar destinos em espa\u00e7os democr\u00e1ticos e acolhedores para todos. Al\u00e9m disso, \u00e9 uma oportunidade de desenvolvimento econ\u00f4mico e social, ao atrair mais visitantes e gerar impacto positivo nas comunidades locais\u201d, afirma.<\/p>\n\n\n\n<p>O turismo acess\u00edvel no Brasil est\u00e1 em crescimento, mostrando como a inclus\u00e3o pode transformar a experi\u00eancia tur\u00edstica. Em todas as regi\u00f5es do pa\u00eds, exemplos de boas pr\u00e1ticas s\u00e3o um convite para que mais empreendedores e gestores p\u00fablicos se juntem a essa causa, promovendo viagens inclusivas para todos.<\/p>\n\n\n\n<p>Conhe\u00e7a algumas delas:<\/p>\n\n\n\n<p><strong>Regi\u00e3o Norte<\/strong><\/p>\n\n\n\n<ul class=\"wp-block-list\">\n<li>Parque Chico Mendes (Acre): Disp\u00f5e de trilhas adaptadas com cordas-guia para pessoas com defici\u00eancia visual.<\/li>\n\n\n\n<li>Balne\u00e1rio da Fazendinha (Macap\u00e1): Parte do projeto \u201cPraia Acess\u00edvel\u201d, disponibiliza cadeiras anf\u00edbias para o acesso \u00e0 \u00e1gua.<\/li>\n\n\n\n<li>Museu da Cidade de Manaus (MUMA): Com a ferramenta \u201cGiulia M\u00e3os que Falam\u201d, permite tradu\u00e7\u00e3o de Libras em \u00e1udio e vice-versa, promovendo autonomia para pessoas surdas.<\/li>\n\n\n\n<li>Teatro Amazonas (Manaus): Oferece roteiro em Libras e tour virtual.<\/li>\n\n\n\n<li>Praia do Prata (Palmas): Cadeiras anf\u00edbias s\u00e3o disponibilizadas, garantindo banho assistido para pessoas com defici\u00eancia.<\/li>\n<\/ul>\n\n\n\n<p><strong>Regi\u00e3o Centro-Oeste<\/strong><\/p>\n\n\n\n<ul class=\"wp-block-list\">\n<li>Memorial JK (Bras\u00edlia): Disp\u00f5e de piso t\u00e1til, audiodescri\u00e7\u00e3o, braile e banheiros adaptados.<\/li>\n\n\n\n<li>Planet\u00e1rio de Bras\u00edlia: Com elevador acess\u00edvel, sinaliza\u00e7\u00e3o t\u00e1til e banheiros adaptados.<\/li>\n\n\n\n<li>Pra\u00e7a dos Tr\u00eas Poderes (Bras\u00edlia): Acesso sem degraus e estacionamento reservado para pessoas com defici\u00eancia.<\/li>\n\n\n\n<li>Museu Vivo da Mem\u00f3ria Candanga (Bras\u00edlia): Entrada livre de barreiras, audiodescri\u00e7\u00e3o e balc\u00f5es acess\u00edveis.<\/li>\n<\/ul>\n\n\n\n<p><strong>Regi\u00e3o Nordeste<\/strong><\/p>\n\n\n\n<ul class=\"wp-block-list\">\n<li>Praia de Iracema (Fortaleza): Parte do programa \u201cPraia Acess\u00edvel\u201d, conta com esteiras, cadeiras anf\u00edbias e suporte para banho de mar.<\/li>\n\n\n\n<li>Pelourinho (Salvador): Cal\u00e7adas adaptadas e guias para o p\u00fablico com defici\u00eancia visual.<\/li>\n\n\n\n<li>Instituto Ricardo Brennand (Recife): Possui rampas e infraestrutura que facilitam a circula\u00e7\u00e3o de cadeirantes.<\/li>\n\n\n\n<li>Projeto Tamar (Praia do Forte): Trilhas acess\u00edveis e audioguias para visitantes.<\/li>\n<\/ul>\n\n\n\n<p><strong>Regi\u00e3o Sudeste<\/strong><br>Com destinos urbanos e naturais, o Sudeste investe na acessibilidade:<\/p>\n\n\n\n<ul class=\"wp-block-list\">\n<li>Parque Ibirapuera (S\u00e3o Paulo): Oferece trilhas adaptadas e guias audiovisuais.<\/li>\n\n\n\n<li>Museu do Amanh\u00e3 (Rio de Janeiro): Estrutura completamente acess\u00edvel com rampas, elevadores e sinaliza\u00e7\u00e3o em braile.<\/li>\n\n\n\n<li>Aqu\u00e1rio de S\u00e3o Paulo: Elevadores e experi\u00eancias interativas com audiodescri\u00e7\u00e3o e Libras.<\/li>\n\n\n\n<li>Ouro Preto (Minas Gerais): Roteiros acess\u00edveis em algumas igrejas e museus hist\u00f3ricos.<\/li>\n<\/ul>\n\n\n\n<p><strong>Regi\u00e3o Sul<\/strong><\/p>\n\n\n\n<ul class=\"wp-block-list\">\n<li>Parque Nacional do Igua\u00e7u (Paran\u00e1): Passarelas acess\u00edveis que permitem a visita \u00e0s cataratas.<\/li>\n\n\n\n<li>Gramado (Rio Grande do Sul): Hot\u00e9is e atra\u00e7\u00f5es tur\u00edsticas adaptados para cadeirantes e pessoas com mobilidade reduzida.<\/li>\n\n\n\n<li>Jardim Bot\u00e2nico (Curitiba): Rampas e acessibilidade para visitantes com diferentes tipos de defici\u00eancia.<\/li>\n<\/ul>\n\n\n\n<p>MAIS INCLUS\u00c3O &#8211; Reconhecendo a import\u00e2ncia da autonomia para as pessoas com defici\u00eancia, o Minist\u00e9rio do Turismo oferece cartilhas gratuitas visando a prepara\u00e7\u00e3o dos prestadores de servi\u00e7o para melhor atender a pessoa com defici\u00eancia, como as cartilhas \u201cTurismo Acess\u00edvel \u2013 Bem Atender no Turismo de Aventura Adaptada; \u201cTurismo Acess\u00edvel \u2013 Introdu\u00e7\u00e3o a uma viagem de inclus\u00e3o\u201d; Turismo Acess\u00edvel \u2013 Mapeamento e planejamento \u2013 acessibilidade em destinos tur\u00edsticos\u201d, dentre outros.<\/p>\n\n\n\n<p><em>Fonte: Ag\u00eancia GOV<\/em><\/p>\n","protected":false},"excerpt":{"rendered":"<p>Com infraestrutura adaptada e experi\u00eancias inclusivas, o Brasil d\u00e1 passos importantes para tornar o turismo acess\u00edvel a todos os visitantes. De praias com cadeiras anf\u00edbias no Nordeste a museus com audiodescri\u00e7\u00e3o no Centro-Oeste, iniciativas espalhadas pelo pa\u00eds mostram que inclus\u00e3o e acessibilidade est\u00e3o no centro do desenvolvimento tur\u00edstico nacional. O Mapeamento de Atrativos, Empreendimentos, Produtos [&hellip;]<\/p>\n","protected":false},"author":2,"featured_media":3675,"comment_status":"closed","ping_status":"closed","sticky":false,"template":"","format":"standard","meta":{"footnotes":""},"categories":[24],"tags":[101,152,98,106,100,105],"class_list":["post-3674","post","type-post","status-publish","format-standard","has-post-thumbnail","hentry","category-noticias","tag-direitos-do-consumidor","tag-pcd","tag-seguranca","tag-travel","tag-turismo","tag-viagem"],"aioseo_notices":[],"_links":{"self":[{"href":"https:\/\/www.travelexcellence.com.br\/site\/wp-json\/wp\/v2\/posts\/3674","targetHints":{"allow":["GET"]}}],"collection":[{"href":"https:\/\/www.travelexcellence.com.br\/site\/wp-json\/wp\/v2\/posts"}],"about":[{"href":"https:\/\/www.travelexcellence.com.br\/site\/wp-json\/wp\/v2\/types\/post"}],"author":[{"embeddable":true,"href":"https:\/\/www.travelexcellence.com.br\/site\/wp-json\/wp\/v2\/users\/2"}],"replies":[{"embeddable":true,"href":"https:\/\/www.travelexcellence.com.br\/site\/wp-json\/wp\/v2\/comments?post=3674"}],"version-history":[{"count":0,"href":"https:\/\/www.travelexcellence.com.br\/site\/wp-json\/wp\/v2\/posts\/3674\/revisions"}],"wp:featuredmedia":[{"embeddable":true,"href":"https:\/\/www.travelexcellence.com.br\/site\/wp-json\/wp\/v2\/media\/3675"}],"wp:attachment":[{"href":"https:\/\/www.travelexcellence.com.br\/site\/wp-json\/wp\/v2\/media?parent=3674"}],"wp:term":[{"taxonomy":"category","embeddable":true,"href":"https:\/\/www.travelexcellence.com.br\/site\/wp-json\/wp\/v2\/categories?post=3674"},{"taxonomy":"post_tag","embeddable":true,"href":"https:\/\/www.travelexcellence.com.br\/site\/wp-json\/wp\/v2\/tags?post=3674"}],"curies":[{"name":"wp","href":"https:\/\/api.w.org\/{rel}","templated":true}]}}