{"id":3774,"date":"2025-04-10T12:52:25","date_gmt":"2025-04-10T12:52:25","guid":{"rendered":"https:\/\/www.travelexcellence.com.br\/site\/?p=3774"},"modified":"2025-05-05T18:31:57","modified_gmt":"2025-05-05T18:31:57","slug":"voos-para-argentina-sofrem-alteracoes-apos-anuncio-de-greve-geral-nesta-quinta","status":"publish","type":"post","link":"https:\/\/www.travelexcellence.com.br\/site\/2025\/04\/10\/voos-para-argentina-sofrem-alteracoes-apos-anuncio-de-greve-geral-nesta-quinta\/","title":{"rendered":"Voos para Argentina sofrem altera\u00e7\u00f5es ap\u00f3s an\u00fancio de greve geral nesta quinta"},"content":{"rendered":"\n<p>Companhias a\u00e9reas anunciaram mudan\u00e7as em voos em virtude do an\u00fancio de greve geral na Argentina nesta quinta-feira (10).<\/p>\n\n\n\n<p>Veja abaixo o que disseram as principais empresas.<\/p>\n\n\n\n<p><strong>Gol<\/strong><br>A Gol informou que 28 voos de\/para a Argentina, que estavam programados para esta data, foram cancelados.<\/p>\n\n\n\n<p>Isso porque, segundo a empresa, a greve geral impossibilitar\u00e1 todas opera\u00e7\u00f5es aeroportu\u00e1rias nas cidades de Buenos Aires, C\u00f3rdoba, Mendoza e Ros\u00e1rio.<\/p>\n\n\n\n<p>A companhia a\u00e9rea diz que os passageiros dos voos cancelados est\u00e3o sendo avisados via e-mail e SMS e poder\u00e3o remarcar suas viagens, sem custo, para outras datas.<\/p>\n\n\n\n<p>A Gol afirma ter criado 10 voos extras para os dias 11 e 12 de abril.<\/p>\n\n\n\n<p>Existe ainda a op\u00e7\u00e3o de solicitar reembolso integral. Mais informa\u00e7\u00f5es podem ser obtidas com a Central de Relacionamento da empresa, no 0300 115 2121.<\/p>\n\n\n\n<p><strong>Latam<\/strong><br>A Latam informou que, &#8220;devido \u00e0 ades\u00e3o dos sindicatos que re\u00fanem os trabalhadores da Intercargo, empresa que presta servi\u00e7os de rampa em todos os aeroportos da Argentina&#8221;, foi for\u00e7ada a cancelar e\/ou reprogramar seus voos de e para o pa\u00eds.<\/p>\n\n\n\n<p>A empresa n\u00e3o divulgou o n\u00famero de voos afetados. E refor\u00e7ou que &#8220;alguns voos podem n\u00e3o ser cancelados, mas sim operados com alguma altera\u00e7\u00e3o no hor\u00e1rio e\/ou data&#8221;.<\/p>\n\n\n\n<p>A recomenda\u00e7\u00e3o \u00e9 que os passageiros confiram periodicamente o status do voo no site da Latam.<\/p>\n\n\n\n<p>Quem for impactado por cancelamentos e\/ou reprograma\u00e7\u00f5es pode escolher uma das seguintes op\u00e7\u00f5es:<\/p>\n\n\n\n<ul class=\"wp-block-list\">\n<li>alterar data\/voo sem custos &#8211; o cliente pode escolher s\u00f3 ida e\/ou ida e volta para uma nova data, antecipando ou postergando o voo.<\/li>\n\n\n\n<li>receber reembolso &#8211; ele \u00e9 gratuito e se aplica a todos os bilhetes n\u00e3o utilizados.<br><\/li>\n<\/ul>\n\n\n\n<p><strong>Aerol\u00edneas Argentinas<\/strong><\/p>\n\n\n\n<p>A Aerol\u00edneas Argentinas disse que 258 decolagens foram canceladas, o que afetar\u00e1 cerca de 20 mil passageiros. Entre as partidas afetadas est\u00e3o 17 em rotas internacionais. Segundo a empresa, 14 voos internacionais foram reprogramados fora do per\u00edodo que deve ter o impacto da greve. A lista est\u00e1 no site da Aerol\u00edneas.<\/p>\n\n\n\n<p>Passageiros que tiverem voos cancelados poder\u00e3o remarc\u00e1-los sem custo entre 11 e 15 de abril ou entre 22 e 30 de abril de 2025, na mesma classe.<\/p>\n\n\n\n<p>Os que desejarem trocar a passagem para os dias 16 e 21 de abril dever\u00e3o pagar a diferen\u00e7a de tarifa.<\/p>\n\n\n\n<p>Quem n\u00e3o puder viajar no per\u00edodo indicado ou prefira deixar a viagem em aberto poder\u00e1 reprogram\u00e1-la arcando com a diferen\u00e7a de tarifa, diz a companhia argentina.<\/p>\n\n\n\n<p><em>Fonte: G1<\/em><\/p>\n\n\n\n<p><\/p>\n","protected":false},"excerpt":{"rendered":"<p>Gol, Latam e Aerol\u00edneas divulgaram orienta\u00e7\u00f5es para quem for afetado.<\/p>\n","protected":false},"author":2,"featured_media":3775,"comment_status":"closed","ping_status":"open","sticky":false,"template":"","format":"standard","meta":{"footnotes":""},"categories":[24],"tags":[168,101,134,106,100,105],"class_list":["post-3774","post","type-post","status-publish","format-standard","has-post-thumbnail","hentry","category-noticias","tag-argentina","tag-direitos-do-consumidor","tag-noticias","tag-travel","tag-turismo","tag-viagem"],"aioseo_notices":[],"_links":{"self":[{"href":"https:\/\/www.travelexcellence.com.br\/site\/wp-json\/wp\/v2\/posts\/3774","targetHints":{"allow":["GET"]}}],"collection":[{"href":"https:\/\/www.travelexcellence.com.br\/site\/wp-json\/wp\/v2\/posts"}],"about":[{"href":"https:\/\/www.travelexcellence.com.br\/site\/wp-json\/wp\/v2\/types\/post"}],"author":[{"embeddable":true,"href":"https:\/\/www.travelexcellence.com.br\/site\/wp-json\/wp\/v2\/users\/2"}],"replies":[{"embeddable":true,"href":"https:\/\/www.travelexcellence.com.br\/site\/wp-json\/wp\/v2\/comments?post=3774"}],"version-history":[{"count":0,"href":"https:\/\/www.travelexcellence.com.br\/site\/wp-json\/wp\/v2\/posts\/3774\/revisions"}],"wp:featuredmedia":[{"embeddable":true,"href":"https:\/\/www.travelexcellence.com.br\/site\/wp-json\/wp\/v2\/media\/3775"}],"wp:attachment":[{"href":"https:\/\/www.travelexcellence.com.br\/site\/wp-json\/wp\/v2\/media?parent=3774"}],"wp:term":[{"taxonomy":"category","embeddable":true,"href":"https:\/\/www.travelexcellence.com.br\/site\/wp-json\/wp\/v2\/categories?post=3774"},{"taxonomy":"post_tag","embeddable":true,"href":"https:\/\/www.travelexcellence.com.br\/site\/wp-json\/wp\/v2\/tags?post=3774"}],"curies":[{"name":"wp","href":"https:\/\/api.w.org\/{rel}","templated":true}]}}