{"id":4289,"date":"2026-04-29T20:21:04","date_gmt":"2026-04-29T20:21:04","guid":{"rendered":"https:\/\/www.travelexcellence.com.br\/site\/?p=4289"},"modified":"2026-04-29T20:21:06","modified_gmt":"2026-04-29T20:21:06","slug":"vacina-e-principal-protecao-antes-de-viajar-para-paises-com-surto-de-sarampo","status":"publish","type":"post","link":"https:\/\/www.travelexcellence.com.br\/site\/2026\/04\/29\/vacina-e-principal-protecao-antes-de-viajar-para-paises-com-surto-de-sarampo\/","title":{"rendered":"Vacina \u00e9 principal prote\u00e7\u00e3o antes de viajar para pa\u00edses com surto de sarampo"},"content":{"rendered":"\n<p>Com a aproxima\u00e7\u00e3o da Copa do Mundo da FIFA 2026, o Minist\u00e9rio da Sa\u00fade publicou, por meio de\u00a0<a href=\"https:\/\/www.gov.br\/saude\/pt-br\/centrais-de-conteudo\/publicacoes\/notas-tecnicas\/2026\/nota-tecnica-conjunta-no-116-2026-dpni-svsa-ms.pdf\" target=\"_blank\" rel=\"noreferrer noopener\">nota t\u00e9cnica<\/a>,\u00a0recomenda\u00e7\u00f5es para brasileiros que pretendem viajar aos Estados Unidos, M\u00e9xico e Canad\u00e1 para acompanhar os jogos, diante dos surtos de sarampo em curso nos tr\u00eas pa\u00edses-sede. A pasta orienta os viajantes a conferirem e atualizarem a caderneta\u00a0de\u00a0<a href=\"https:\/\/www.gov.br\/saude\/pt-br\/vacinacao\" target=\"_blank\" rel=\"noreferrer noopener\">vacina\u00e7\u00e3o<\/a>\u00a0antes do embarque. A vacina \u00e9 a principal medida para reduzir o risco de infec\u00e7\u00e3o e evitar a reintrodu\u00e7\u00e3o do v\u00edrus no Brasil.\u00a0<\/p>\n\n\n\n<p>O alerta ocorre em meio ao aumento da circula\u00e7\u00e3o internacional de pessoas nos pr\u00f3ximos meses e ao risco de importa\u00e7\u00e3o de casos. A recomenda\u00e7\u00e3o&nbsp;tem por objetivo chamar a aten\u00e7\u00e3o&nbsp;sobre a necessidade de ampliar a prote\u00e7\u00e3o vacinal de crian\u00e7as, adolescentes e adultos que tenham viagem programada para essas regi\u00f5es.&nbsp;<\/p>\n\n\n\n<p>Em 2025, o Canad\u00e1 enfrentou um forte aumento nos casos de&nbsp;<a target=\"_blank\" href=\"https:\/\/www.gov.br\/saude\/pt-br\/assuntos\/saude-de-a-a-z\/s\/sarampo\" rel=\"noreferrer noopener\">sarampo<\/a>, com 5.062 registros, o que levou o pa\u00eds a perder o status de livre da doen\u00e7a. Em 2026, j\u00e1 foram contabilizados 871 casos, e a transmiss\u00e3o continua ativa. O M\u00e9xico vive uma situa\u00e7\u00e3o semelhante: ap\u00f3s registrar apenas 7 casos em 2024, o pa\u00eds teve uma escalada expressiva para 6.152 casos em 2025 e j\u00e1 soma 9.207 registros em 2026. Nos Estados Unidos, o cen\u00e1rio tamb\u00e9m preocupa, com 2.144 casos registrados em 2025 e outros 1.738 neste ano.&nbsp;<\/p>\n\n\n\n<p>Nos tr\u00eas pa\u00edses, o sarampo segue em circula\u00e7\u00e3o, com transmiss\u00e3o cont\u00ednua do v\u00edrus, um contexto que acende o alerta para viajantes e autoridades de sa\u00fade. A orienta\u00e7\u00e3o \u00e9 que todos os viajantes verifiquem a situa\u00e7\u00e3o vacinal e atualizem o esquema antes do embarque. Crian\u00e7as, adolescentes e adultos devem seguir as recomenda\u00e7\u00f5es do&nbsp;<a href=\"https:\/\/www.gov.br\/saude\/pt-br\/vacinacao\/calendario\" target=\"_blank\" rel=\"noreferrer noopener\">Calend\u00e1rio Nacional de Vacina\u00e7\u00e3o<\/a>, respeitando os prazos necess\u00e1rios para garantir a prote\u00e7\u00e3o adequada antes da viagem.&nbsp;<\/p>\n\n\n\n<p>&nbsp;A vacina\u00e7\u00e3o pr\u00e9via \u00e0 viagem \u00e9 a medida mais eficaz de prote\u00e7\u00e3o individual e coletiva. O sarampo \u00e9 uma doen\u00e7a altamente contagiosa, transmitida pelo ar, e pode se espalhar rapidamente em ambientes com grande concentra\u00e7\u00e3o de pessoas, como eventos de massa.&nbsp;O cen\u00e1rio internacional, aliado \u00e0 exist\u00eancia de pessoas n\u00e3o vacinadas, aumenta o risco de casos importados e poss\u00edveis surtos no Brasil.&nbsp;<\/p>\n\n\n\n<p><strong>Casos recentes no Brasil<\/strong>&nbsp;<\/p>\n\n\n\n<p>No in\u00edcio deste m\u00eas, o munic\u00edpio do Rio de Janeiro confirmou um caso de sarampo: uma mulher de 22 anos, sem registro de vacina\u00e7\u00e3o, que trabalha em um hotel na cidade. Ap\u00f3s a notifica\u00e7\u00e3o, foram adotadas medidas imediatas de investiga\u00e7\u00e3o, vacina\u00e7\u00e3o de bloqueio na resid\u00eancia, no local de trabalho e no servi\u00e7o de sa\u00fade, al\u00e9m de ter sido iniciada a varredura na \u00e1rea pr\u00f3xima \u00e0 sua resid\u00eancia para identifica\u00e7\u00e3o de poss\u00edveis outros casos e vacina\u00e7\u00e3o. O Minist\u00e9rio da Sa\u00fade acompanhou a investiga\u00e7\u00e3o de forma articulada com as secretarias municipal e estadual de sa\u00fade.&nbsp;<\/p>\n\n\n\n<p>Este \u00e9 o segundo caso registrado no Brasil em 2026. O primeiro foi em S\u00e3o Paulo: uma crian\u00e7a de seis meses, moradora da zona norte da capital, com hist\u00f3rico recente de viagem a La Paz, na Bol\u00edvia, pa\u00eds com surto ativo da doen\u00e7a. Como resposta, foi realizado bloqueio vacinal na regi\u00e3o, com mais de 600 doses aplicadas entre janeiro e fevereiro.&nbsp;<\/p>\n\n\n\n<p>Apesar dos registros, os casos n\u00e3o alteram o status do Brasil, que segue livre da circula\u00e7\u00e3o end\u00eamica do sarampo. O pa\u00eds mant\u00e9m esse cen\u00e1rio mesmo ap\u00f3s a perda da certifica\u00e7\u00e3o regional das Am\u00e9ricas, em raz\u00e3o de surtos em pa\u00edses como Estados Unidos, Canad\u00e1 e M\u00e9xico.&nbsp;<\/p>\n\n\n\n<p>Em 2025, o Minist\u00e9rio da Sa\u00fade interrompeu a transmiss\u00e3o de todos os 38 casos importados no pa\u00eds com resposta r\u00e1pida baseada em vigil\u00e2ncia, vacina\u00e7\u00e3o e bloqueio,&nbsp;estrat\u00e9gia reconhecida pela Organiza\u00e7\u00e3o Pan-Americana da Sa\u00fade.&nbsp;<\/p>\n\n\n\n<p><strong>Preven\u00e7\u00e3o e vigil\u00e2ncia<\/strong>&nbsp;<\/p>\n\n\n\n<p>O Minist\u00e9rio da Sa\u00fade destaca que a manuten\u00e7\u00e3o do status de pa\u00eds livre da circula\u00e7\u00e3o end\u00eamica depende diretamente da alta cobertura vacinal e da resposta r\u00e1pida diante de casos suspeitos. Entre as recomenda\u00e7\u00f5es est\u00e3o a notifica\u00e7\u00e3o imediata de casos, investiga\u00e7\u00e3o oportuna e monitoramento de contatos, al\u00e9m da amplia\u00e7\u00e3o das estrat\u00e9gias de vacina\u00e7\u00e3o.&nbsp;<\/p>\n\n\n\n<p>A pasta tamb\u00e9m orienta que viajantes fiquem atentos a sintomas como febre, manchas vermelhas na pele, coriza e conjuntivite durante ou ap\u00f3s viagens internacionais e procurem atendimento de sa\u00fade informando o hist\u00f3rico de deslocamento.&nbsp;<\/p>\n\n\n\n<p>A vacina\u00e7\u00e3o contra o sarampo \u00e9 gratuita e est\u00e1 dispon\u00edvel nas unidades do&nbsp;<a target=\"_blank\" href=\"https:\/\/www.gov.br\/saude\/pt-br\/sus\" rel=\"noreferrer noopener\">Sistema \u00danico de Sa\u00fade (SUS)<\/a>&nbsp;em todo o pa\u00eds.&nbsp;<\/p>\n\n\n\n<p><\/p>\n\n\n\n<p><em>Fonte: Gov.BR<\/em><\/p>\n\n\n\n<p><\/p>\n","protected":false},"excerpt":{"rendered":"<p>Brasil mant\u00e9m status livre da circula\u00e7\u00e3o end\u00eamica, realidade diferente dos Estados Unidos, do M\u00e9xico e do Canad\u00e1, pa\u00edses que sediar\u00e3o jogos a partir de junho de 2026<\/p>\n","protected":false},"author":2,"featured_media":4290,"comment_status":"closed","ping_status":"closed","sticky":false,"template":"","format":"standard","meta":{"footnotes":""},"categories":[102],"tags":[108,134,120,106,100,105],"class_list":["post-4289","post","type-post","status-publish","format-standard","has-post-thumbnail","hentry","category-dicas","tag-dicas-de-viagem","tag-noticias","tag-saude","tag-travel","tag-turismo","tag-viagem"],"aioseo_notices":[],"_links":{"self":[{"href":"https:\/\/www.travelexcellence.com.br\/site\/wp-json\/wp\/v2\/posts\/4289","targetHints":{"allow":["GET"]}}],"collection":[{"href":"https:\/\/www.travelexcellence.com.br\/site\/wp-json\/wp\/v2\/posts"}],"about":[{"href":"https:\/\/www.travelexcellence.com.br\/site\/wp-json\/wp\/v2\/types\/post"}],"author":[{"embeddable":true,"href":"https:\/\/www.travelexcellence.com.br\/site\/wp-json\/wp\/v2\/users\/2"}],"replies":[{"embeddable":true,"href":"https:\/\/www.travelexcellence.com.br\/site\/wp-json\/wp\/v2\/comments?post=4289"}],"version-history":[{"count":1,"href":"https:\/\/www.travelexcellence.com.br\/site\/wp-json\/wp\/v2\/posts\/4289\/revisions"}],"predecessor-version":[{"id":4291,"href":"https:\/\/www.travelexcellence.com.br\/site\/wp-json\/wp\/v2\/posts\/4289\/revisions\/4291"}],"wp:featuredmedia":[{"embeddable":true,"href":"https:\/\/www.travelexcellence.com.br\/site\/wp-json\/wp\/v2\/media\/4290"}],"wp:attachment":[{"href":"https:\/\/www.travelexcellence.com.br\/site\/wp-json\/wp\/v2\/media?parent=4289"}],"wp:term":[{"taxonomy":"category","embeddable":true,"href":"https:\/\/www.travelexcellence.com.br\/site\/wp-json\/wp\/v2\/categories?post=4289"},{"taxonomy":"post_tag","embeddable":true,"href":"https:\/\/www.travelexcellence.com.br\/site\/wp-json\/wp\/v2\/tags?post=4289"}],"curies":[{"name":"wp","href":"https:\/\/api.w.org\/{rel}","templated":true}]}}